{"id":1441,"date":"2020-03-20T13:35:29","date_gmt":"2020-03-20T12:35:29","guid":{"rendered":"https:\/\/www.riosa.com\/?p=1441"},"modified":"2021-10-04T16:27:32","modified_gmt":"2021-10-04T15:27:32","slug":"convocatoria-de-la-junta-general-ordinaria-de-accionistas","status":"publish","type":"post","link":"https:\/\/www.riosa.com\/fr\/convocation-a-lassemblee-generale-ordinaire-des-actionnaires\/","title":{"rendered":"Convocation \u00e0 l&#039;Assembl\u00e9e G\u00e9n\u00e9rale Ordinaire des actionnaires"},"content":{"rendered":"<p> Le conseil d&#039;administration de <strong>RIOSA-REFINACION INDUSTRIAL OLEICOLA SA<\/strong>. conform\u00e9ment aux pr\u00e9ceptes l\u00e9gaux et statutaires, convoque les actionnaires \u00e0 l&#039;Assembl\u00e9e G\u00e9n\u00e9rale Ordinaire qui se tiendra le 30 avril 2020, \u00e0 10 heures sur premi\u00e8re convocation, et le lendemain \u00e0 la m\u00eame heure sur deuxi\u00e8me convocation. le si\u00e8ge social situ\u00e9 \u00e0 Ibros (Ja\u00e9n), Barriada del Puente s\/n, conform\u00e9ment aux dispositions suivantes<\/p>\n\n\n\n<p> &nbsp;<strong>ORDRE DU JOUR:<\/strong><\/p>\n\n\n\n<p>Premi\u00e8rement : Ratification de la constitution du Conseil Universel, de l&#039;Ordre du jour, ainsi que des postes de Pr\u00e9sident et de Secr\u00e9taire de celui-ci.<\/p>\n\n\n\n<p>Deuxi\u00e8mement : Agr\u00e9ment, le cas \u00e9ch\u00e9ant, de la direction de l&#039;organe d&#039;administration de l&#039;entit\u00e9, correspondant \u00e0 l&#039;exercice cl\u00f4tur\u00e9 au 31\/10\/2019.<\/p>\n\n\n\n<p>Troisi\u00e8mement : Approbation, le cas \u00e9ch\u00e9ant, des comptes annuels correspondant \u00e0 l&#039;exercice clos le 31\/10\/2019.<\/p>\n\n\n\n<p>Quatri\u00e8mement : Approbation, le cas \u00e9ch\u00e9ant, de la Proposition de Candidature du r\u00e9sultat de l\u2019exercice susmentionn\u00e9.<\/p>\n\n\n\n<p>Cinqui\u00e8mement : Ratifier la r\u00e9mun\u00e9ration du conseil d&#039;administration.<\/p>\n\n\n\n<p>Sixi\u00e8mement : Lecture et approbation du proc\u00e8s-verbal.  <\/p>\n\n\n\n<p><\/p>\n\n\n\n<p>Il est pr\u00e9cis\u00e9 le droit des actionnaires de demander par \u00e9crit, avant la r\u00e9union du Conseil ou verbalement au cours de celle-ci, les rapports ou \u00e9claircissements qu&#039;ils estiment n\u00e9cessaires sur les questions port\u00e9es \u00e0 l&#039;ordre du jour, \u00e0 l&#039;Organe Administratif, qui les fournira oralement ou par \u00e9crit. , selon le moment et la nature des informations demand\u00e9es conform\u00e9ment \u00e0 l&#039;article 197 du texte consolid\u00e9 de la loi sur les soci\u00e9t\u00e9s de capitaux.<\/p>\n\n\n\n<p><\/p>\n\n\n\n<p>\u00c0 Ibros, le 18 mars 2020.<\/p>\n\n\n\n<p>Le Pr\u00e9sident du Conseil d&#039;Administration, M. Hugo L. Espuny Camacho.<\/p>\n\n\n\n<figure class=\"wp-block-image size-large\"><img decoding=\"async\" loading=\"lazy\" width=\"92\" height=\"85\" src=\"https:\/\/www.riosa.com\/wp-content\/uploads\/2019\/03\/formlogo2.jpg\" alt=\"\" class=\"wp-image-104\"\/><\/figure>","protected":false},"excerpt":{"rendered":"<p>Le Conseil d&#039;Administration de RIOSA-REFINACION INDUSTRIAL OLEICOLA SA, conform\u00e9ment aux pr\u00e9ceptes l\u00e9gaux et statutaires, convoque les actionnaires \u00e0 l&#039;Assembl\u00e9e G\u00e9n\u00e9rale Ordinaire qui se tiendra le 30 avril 2020, \u00e0 10 heures, sur premi\u00e8re convocation. le lendemain \u00e0 la m\u00eame heure sur deuxi\u00e8me convocation, au si\u00e8ge social... <\/p>\n<div><a href=\"https:\/\/www.riosa.com\/fr\/convocation-a-lassemblee-generale-ordinaire-des-actionnaires\/\" class=\"more-link\">En savoir plus<\/a><\/div>","protected":false},"author":1,"featured_media":0,"comment_status":"closed","ping_status":"open","sticky":false,"template":"","format":"standard","meta":{"_exactmetrics_skip_tracking":false,"_exactmetrics_sitenote_active":false,"_exactmetrics_sitenote_note":"","_exactmetrics_sitenote_category":0,"footnotes":"","_jetpack_memberships_contains_paid_content":false},"categories":[49],"tags":[40],"yoast_head":"<!-- This site is optimized with the Yoast SEO plugin v22.6 - https:\/\/yoast.com\/wordpress\/plugins\/seo\/ -->\n<title>Convocatoria de la Junta General Ordinaria de Accionistas | RIOSA<\/title>\n<meta name=\"robots\" content=\"index, follow, max-snippet:-1, max-image-preview:large, max-video-preview:-1\" \/>\n<link rel=\"canonical\" href=\"https:\/\/www.riosa.com\/fr\/convocation-a-lassemblee-generale-ordinaire-des-actionnaires\/\" \/>\n<meta property=\"og:locale\" content=\"fr_FR\" \/>\n<meta property=\"og:type\" content=\"article\" \/>\n<meta property=\"og:title\" content=\"Convocatoria de la Junta General Ordinaria de Accionistas | RIOSA\" \/>\n<meta property=\"og:description\" content=\"El Consejo de Administraci\u00f3n de RIOSA-REFINACION INDUSTRIAL OLEICOLA S.A. de conformidad con los preceptos legales y estatutarios,&nbsp;convoca a los se\u00f1ores accionistas a la Junta General Ordinaria de Accionistas a celebrar el pr\u00f3ximo d\u00eda 30 de Abril de 2020, a las 10 h en primera convocatoria, y el d\u00eda siguiente a la misma hora en segunda convocatoria, en el domicilio social ... Read More\" \/>\n<meta property=\"og:url\" content=\"https:\/\/www.riosa.com\/fr\/convocation-a-lassemblee-generale-ordinaire-des-actionnaires\/\" \/>\n<meta property=\"og:site_name\" content=\"RIOSA\" \/>\n<meta property=\"article:author\" content=\"hespuny\" \/>\n<meta property=\"article:published_time\" content=\"2020-03-20T12:35:29+00:00\" \/>\n<meta property=\"article:modified_time\" content=\"2021-10-04T15:27:32+00:00\" \/>\n<meta property=\"og:image\" content=\"https:\/\/www.riosa.com\/wp-content\/uploads\/2019\/03\/formlogo2.jpg\" \/>\n<meta name=\"author\" content=\"hec\" \/>\n<meta name=\"twitter:card\" content=\"summary_large_image\" \/>\n<meta name=\"twitter:label1\" content=\"\u00c9crit par\" \/>\n\t<meta name=\"twitter:data1\" content=\"hec\" \/>\n\t<meta name=\"twitter:label2\" content=\"Dur\u00e9e de lecture estim\u00e9e\" \/>\n\t<meta name=\"twitter:data2\" content=\"1 minute\" \/>\n<script type=\"application\/ld+json\" class=\"yoast-schema-graph\">{\"@context\":\"https:\/\/schema.org\",\"@graph\":[{\"@type\":\"Article\",\"@id\":\"https:\/\/www.riosa.com\/fr\/convocatoria-de-la-junta-general-ordinaria-de-accionistas\/#article\",\"isPartOf\":{\"@id\":\"https:\/\/www.riosa.com\/fr\/convocatoria-de-la-junta-general-ordinaria-de-accionistas\/\"},\"author\":{\"name\":\"hec\",\"@id\":\"https:\/\/www.riosa.com\/he\/#\/schema\/person\/9cdfb847129ce79be30722690dbcf2ad\"},\"headline\":\"Convocatoria de la Junta General Ordinaria de Accionistas\",\"datePublished\":\"2020-03-20T12:35:29+00:00\",\"dateModified\":\"2021-10-04T15:27:32+00:00\",\"mainEntityOfPage\":{\"@id\":\"https:\/\/www.riosa.com\/fr\/convocatoria-de-la-junta-general-ordinaria-de-accionistas\/\"},\"wordCount\":294,\"publisher\":{\"@id\":\"https:\/\/www.riosa.com\/he\/#organization\"},\"image\":{\"@id\":\"https:\/\/www.riosa.com\/fr\/convocatoria-de-la-junta-general-ordinaria-de-accionistas\/#primaryimage\"},\"thumbnailUrl\":\"https:\/\/www.riosa.com\/wp-content\/uploads\/2019\/03\/formlogo2.jpg\",\"keywords\":[\"empresa\"],\"articleSection\":[\"Anuncios\"],\"inLanguage\":\"fr-FR\"},{\"@type\":\"WebPage\",\"@id\":\"https:\/\/www.riosa.com\/fr\/convocatoria-de-la-junta-general-ordinaria-de-accionistas\/\",\"url\":\"https:\/\/www.riosa.com\/fr\/convocatoria-de-la-junta-general-ordinaria-de-accionistas\/\",\"name\":\"Convocatoria de la Junta General Ordinaria de Accionistas | RIOSA\",\"isPartOf\":{\"@id\":\"https:\/\/www.riosa.com\/he\/#website\"},\"primaryImageOfPage\":{\"@id\":\"https:\/\/www.riosa.com\/fr\/convocatoria-de-la-junta-general-ordinaria-de-accionistas\/#primaryimage\"},\"image\":{\"@id\":\"https:\/\/www.riosa.com\/fr\/convocatoria-de-la-junta-general-ordinaria-de-accionistas\/#primaryimage\"},\"thumbnailUrl\":\"https:\/\/www.riosa.com\/wp-content\/uploads\/2019\/03\/formlogo2.jpg\",\"datePublished\":\"2020-03-20T12:35:29+00:00\",\"dateModified\":\"2021-10-04T15:27:32+00:00\",\"breadcrumb\":{\"@id\":\"https:\/\/www.riosa.com\/fr\/convocatoria-de-la-junta-general-ordinaria-de-accionistas\/#breadcrumb\"},\"inLanguage\":\"fr-FR\",\"potentialAction\":[{\"@type\":\"ReadAction\",\"target\":[\"https:\/\/www.riosa.com\/fr\/convocatoria-de-la-junta-general-ordinaria-de-accionistas\/\"]}]},{\"@type\":\"ImageObject\",\"inLanguage\":\"fr-FR\",\"@id\":\"https:\/\/www.riosa.com\/fr\/convocatoria-de-la-junta-general-ordinaria-de-accionistas\/#primaryimage\",\"url\":\"https:\/\/www.riosa.com\/wp-content\/uploads\/2019\/03\/formlogo2.jpg\",\"contentUrl\":\"https:\/\/www.riosa.com\/wp-content\/uploads\/2019\/03\/formlogo2.jpg\"},{\"@type\":\"BreadcrumbList\",\"@id\":\"https:\/\/www.riosa.com\/fr\/convocatoria-de-la-junta-general-ordinaria-de-accionistas\/#breadcrumb\",\"itemListElement\":[{\"@type\":\"ListItem\",\"position\":1,\"name\":\"Inicio\",\"item\":\"https:\/\/www.riosa.com\/\"},{\"@type\":\"ListItem\",\"position\":2,\"name\":\"Convocatoria de la Junta General Ordinaria de Accionistas\"}]},{\"@type\":\"WebSite\",\"@id\":\"https:\/\/www.riosa.com\/he\/#website\",\"url\":\"https:\/\/www.riosa.com\/he\/\",\"name\":\"RIOSA\",\"description\":\"ACEITES GRASAS Y OLE\u00cdNAS para alimentaci\u00f3n animal\",\"publisher\":{\"@id\":\"https:\/\/www.riosa.com\/he\/#organization\"},\"potentialAction\":[{\"@type\":\"SearchAction\",\"target\":{\"@type\":\"EntryPoint\",\"urlTemplate\":\"https:\/\/www.riosa.com\/he\/?s={search_term_string}\"},\"query-input\":\"required name=search_term_string\"}],\"inLanguage\":\"fr-FR\"},{\"@type\":\"Organization\",\"@id\":\"https:\/\/www.riosa.com\/he\/#organization\",\"name\":\"RIOSA - Refinaci\u00f3n Industrial Oleicola S.A.\",\"url\":\"https:\/\/www.riosa.com\/he\/\",\"logo\":{\"@type\":\"ImageObject\",\"inLanguage\":\"fr-FR\",\"@id\":\"https:\/\/www.riosa.com\/he\/#\/schema\/logo\/image\/\",\"url\":\"https:\/\/staging.riosa.com\/wp-content\/uploads\/2019\/04\/Logo-Riosa-250.jpg\",\"contentUrl\":\"https:\/\/staging.riosa.com\/wp-content\/uploads\/2019\/04\/Logo-Riosa-250.jpg\",\"width\":250,\"height\":271,\"caption\":\"RIOSA - Refinaci\u00f3n Industrial Oleicola S.A.\"},\"image\":{\"@id\":\"https:\/\/www.riosa.com\/he\/#\/schema\/logo\/image\/\"}},{\"@type\":\"Person\",\"@id\":\"https:\/\/www.riosa.com\/he\/#\/schema\/person\/9cdfb847129ce79be30722690dbcf2ad\",\"name\":\"hec\",\"image\":{\"@type\":\"ImageObject\",\"inLanguage\":\"fr-FR\",\"@id\":\"https:\/\/www.riosa.com\/he\/#\/schema\/person\/image\/\",\"url\":\"https:\/\/secure.gravatar.com\/avatar\/3bb0d44e4b46ab9759128508e26824fe?s=96&r=g\",\"contentUrl\":\"https:\/\/secure.gravatar.com\/avatar\/3bb0d44e4b46ab9759128508e26824fe?s=96&r=g\",\"caption\":\"hec\"},\"sameAs\":[\"hespuny\"],\"url\":\"https:\/\/www.riosa.com\/fr\/author\/hec\/\"}]}<\/script>\n<!-- \/ Yoast SEO plugin. -->","yoast_head_json":{"title":"Convocation \u00e0 l&#039;Assembl\u00e9e G\u00e9n\u00e9rale Ordinaire des actionnaires | RIOSA","robots":{"index":"index","follow":"follow","max-snippet":"max-snippet:-1","max-image-preview":"max-image-preview:large","max-video-preview":"max-video-preview:-1"},"canonical":"https:\/\/www.riosa.com\/fr\/convocation-a-lassemblee-generale-ordinaire-des-actionnaires\/","og_locale":"fr_FR","og_type":"article","og_title":"Convocatoria de la Junta General Ordinaria de Accionistas | RIOSA","og_description":"El Consejo de Administraci\u00f3n de RIOSA-REFINACION INDUSTRIAL OLEICOLA S.A. de conformidad con los preceptos legales y estatutarios,&nbsp;convoca a los se\u00f1ores accionistas a la Junta General Ordinaria de Accionistas a celebrar el pr\u00f3ximo d\u00eda 30 de Abril de 2020, a las 10 h en primera convocatoria, y el d\u00eda siguiente a la misma hora en segunda convocatoria, en el domicilio social ... Read More","og_url":"https:\/\/www.riosa.com\/fr\/convocation-a-lassemblee-generale-ordinaire-des-actionnaires\/","og_site_name":"RIOSA","article_author":"hespuny","article_published_time":"2020-03-20T12:35:29+00:00","article_modified_time":"2021-10-04T15:27:32+00:00","og_image":[{"url":"https:\/\/www.riosa.com\/wp-content\/uploads\/2019\/03\/formlogo2.jpg"}],"author":"hec","twitter_card":"summary_large_image","twitter_misc":{"\u00c9crit par":"hec","Dur\u00e9e de lecture estim\u00e9e":"1 minute"},"schema":{"@context":"https:\/\/schema.org","@graph":[{"@type":"Article","@id":"https:\/\/www.riosa.com\/fr\/convocatoria-de-la-junta-general-ordinaria-de-accionistas\/#article","isPartOf":{"@id":"https:\/\/www.riosa.com\/fr\/convocatoria-de-la-junta-general-ordinaria-de-accionistas\/"},"author":{"name":"hec","@id":"https:\/\/www.riosa.com\/he\/#\/schema\/person\/9cdfb847129ce79be30722690dbcf2ad"},"headline":"Convocatoria de la Junta General Ordinaria de Accionistas","datePublished":"2020-03-20T12:35:29+00:00","dateModified":"2021-10-04T15:27:32+00:00","mainEntityOfPage":{"@id":"https:\/\/www.riosa.com\/fr\/convocatoria-de-la-junta-general-ordinaria-de-accionistas\/"},"wordCount":294,"publisher":{"@id":"https:\/\/www.riosa.com\/he\/#organization"},"image":{"@id":"https:\/\/www.riosa.com\/fr\/convocatoria-de-la-junta-general-ordinaria-de-accionistas\/#primaryimage"},"thumbnailUrl":"https:\/\/www.riosa.com\/wp-content\/uploads\/2019\/03\/formlogo2.jpg","keywords":["empresa"],"articleSection":["Anuncios"],"inLanguage":"fr-FR"},{"@type":"WebPage","@id":"https:\/\/www.riosa.com\/fr\/convocatoria-de-la-junta-general-ordinaria-de-accionistas\/","url":"https:\/\/www.riosa.com\/fr\/convocatoria-de-la-junta-general-ordinaria-de-accionistas\/","name":"Convocation \u00e0 l&#039;Assembl\u00e9e G\u00e9n\u00e9rale Ordinaire des actionnaires | RIOSA","isPartOf":{"@id":"https:\/\/www.riosa.com\/he\/#website"},"primaryImageOfPage":{"@id":"https:\/\/www.riosa.com\/fr\/convocatoria-de-la-junta-general-ordinaria-de-accionistas\/#primaryimage"},"image":{"@id":"https:\/\/www.riosa.com\/fr\/convocatoria-de-la-junta-general-ordinaria-de-accionistas\/#primaryimage"},"thumbnailUrl":"https:\/\/www.riosa.com\/wp-content\/uploads\/2019\/03\/formlogo2.jpg","datePublished":"2020-03-20T12:35:29+00:00","dateModified":"2021-10-04T15:27:32+00:00","breadcrumb":{"@id":"https:\/\/www.riosa.com\/fr\/convocatoria-de-la-junta-general-ordinaria-de-accionistas\/#breadcrumb"},"inLanguage":"fr-FR","potentialAction":[{"@type":"ReadAction","target":["https:\/\/www.riosa.com\/fr\/convocatoria-de-la-junta-general-ordinaria-de-accionistas\/"]}]},{"@type":"ImageObject","inLanguage":"fr-FR","@id":"https:\/\/www.riosa.com\/fr\/convocatoria-de-la-junta-general-ordinaria-de-accionistas\/#primaryimage","url":"https:\/\/www.riosa.com\/wp-content\/uploads\/2019\/03\/formlogo2.jpg","contentUrl":"https:\/\/www.riosa.com\/wp-content\/uploads\/2019\/03\/formlogo2.jpg"},{"@type":"BreadcrumbList","@id":"https:\/\/www.riosa.com\/fr\/convocatoria-de-la-junta-general-ordinaria-de-accionistas\/#breadcrumb","itemListElement":[{"@type":"ListItem","position":1,"name":"Inicio","item":"https:\/\/www.riosa.com\/"},{"@type":"ListItem","position":2,"name":"Convocatoria de la Junta General Ordinaria de Accionistas"}]},{"@type":"WebSite","@id":"https:\/\/www.riosa.com\/he\/#website","url":"https:\/\/www.riosa.com\/he\/","name":"RIOSA","description":"GRAISSES ET HUILES OL\u00c9INES pour l&#039;alimentation animale","publisher":{"@id":"https:\/\/www.riosa.com\/he\/#organization"},"potentialAction":[{"@type":"SearchAction","target":{"@type":"EntryPoint","urlTemplate":"https:\/\/www.riosa.com\/he\/?s={search_term_string}"},"query-input":"required name=search_term_string"}],"inLanguage":"fr-FR"},{"@type":"Organization","@id":"https:\/\/www.riosa.com\/he\/#organization","name":"RIOSA - Raffinage Industriel Oleicola SA","url":"https:\/\/www.riosa.com\/he\/","logo":{"@type":"ImageObject","inLanguage":"fr-FR","@id":"https:\/\/www.riosa.com\/he\/#\/schema\/logo\/image\/","url":"https:\/\/staging.riosa.com\/wp-content\/uploads\/2019\/04\/Logo-Riosa-250.jpg","contentUrl":"https:\/\/staging.riosa.com\/wp-content\/uploads\/2019\/04\/Logo-Riosa-250.jpg","width":250,"height":271,"caption":"RIOSA - Refinaci\u00f3n Industrial Oleicola S.A."},"image":{"@id":"https:\/\/www.riosa.com\/he\/#\/schema\/logo\/image\/"}},{"@type":"Person","@id":"https:\/\/www.riosa.com\/he\/#\/schema\/person\/9cdfb847129ce79be30722690dbcf2ad","name":"hec","image":{"@type":"ImageObject","inLanguage":"fr-FR","@id":"https:\/\/www.riosa.com\/he\/#\/schema\/person\/image\/","url":"https:\/\/secure.gravatar.com\/avatar\/3bb0d44e4b46ab9759128508e26824fe?s=96&r=g","contentUrl":"https:\/\/secure.gravatar.com\/avatar\/3bb0d44e4b46ab9759128508e26824fe?s=96&r=g","caption":"hec"},"sameAs":["hespuny"],"url":"https:\/\/www.riosa.com\/fr\/author\/hec\/"}]}},"jetpack_featured_media_url":"","jetpack_likes_enabled":true,"jetpack_sharing_enabled":true,"_links":{"self":[{"href":"https:\/\/www.riosa.com\/fr\/wp-json\/wp\/v2\/posts\/1441"}],"collection":[{"href":"https:\/\/www.riosa.com\/fr\/wp-json\/wp\/v2\/posts"}],"about":[{"href":"https:\/\/www.riosa.com\/fr\/wp-json\/wp\/v2\/types\/post"}],"author":[{"embeddable":true,"href":"https:\/\/www.riosa.com\/fr\/wp-json\/wp\/v2\/users\/1"}],"replies":[{"embeddable":true,"href":"https:\/\/www.riosa.com\/fr\/wp-json\/wp\/v2\/comments?post=1441"}],"version-history":[{"count":11,"href":"https:\/\/www.riosa.com\/fr\/wp-json\/wp\/v2\/posts\/1441\/revisions"}],"predecessor-version":[{"id":1679,"href":"https:\/\/www.riosa.com\/fr\/wp-json\/wp\/v2\/posts\/1441\/revisions\/1679"}],"wp:attachment":[{"href":"https:\/\/www.riosa.com\/fr\/wp-json\/wp\/v2\/media?parent=1441"}],"wp:term":[{"taxonomy":"category","embeddable":true,"href":"https:\/\/www.riosa.com\/fr\/wp-json\/wp\/v2\/categories?post=1441"},{"taxonomy":"post_tag","embeddable":true,"href":"https:\/\/www.riosa.com\/fr\/wp-json\/wp\/v2\/tags?post=1441"}],"curies":[{"name":"wp","href":"https:\/\/api.w.org\/{rel}","templated":true}]}}